{"id":253,"date":"2021-07-11T08:24:00","date_gmt":"2021-07-11T08:24:00","guid":{"rendered":"http:\/\/pferdekultur.at\/?p=253"},"modified":"2021-07-16T08:25:18","modified_gmt":"2021-07-16T08:25:18","slug":"cdn-a-stadl-paura-09-11-07-2021","status":"publish","type":"post","link":"http:\/\/pferdekultur.at\/?p=253","title":{"rendered":"CDN-A Stadl Paura, 09. &#8211; 11.07.2021"},"content":{"rendered":"\n<p>Wir durften heuer gemeinsam mit Karin Kosak, Ute Berger und Corinna Gebhard die Steiermark bei der BLMM in Stadl Paura vertreten.<\/p>\n\n\n\n<p>Das Starterfeld war sehr stark besetzt und unsere Mannschaft ist leider etwas hinter unseren M\u00f6glichkeiten zur\u00fcck geblieben. Schlu\u00dfendlich hat es f\u00fcr den 5. Gesamtrang von 10 Mannschaften gereicht.<\/p>\n\n\n\n<p>Es war trotzdem ein sehr sch\u00f6nes Turnierwochenende, auch wenn wettertechnisch von allem was dabei war.<\/p>\n\n\n\n<div class=\"wp-block-columns is-layout-flex wp-container-4\">\n<div class=\"wp-block-column is-layout-flow\" style=\"flex-basis:100%\">\n<figure class=\"wp-block-gallery columns-3 is-cropped wp-block-gallery-1 is-layout-flex\"><ul class=\"blocks-gallery-grid\"><li class=\"blocks-gallery-item\"><figure><img decoding=\"async\" loading=\"lazy\" width=\"1024\" height=\"768\" src=\"http:\/\/pferdekultur.at\/wp-content\/uploads\/2021\/07\/P1690653-1024x768.jpg\" alt=\"\" data-id=\"255\" data-link=\"http:\/\/pferdekultur.at\/?attachment_id=255\" class=\"wp-image-255\" srcset=\"http:\/\/pferdekultur.at\/wp-content\/uploads\/2021\/07\/P1690653-1024x768.jpg 1024w, http:\/\/pferdekultur.at\/wp-content\/uploads\/2021\/07\/P1690653-300x225.jpg 300w, http:\/\/pferdekultur.at\/wp-content\/uploads\/2021\/07\/P1690653-768x576.jpg 768w, http:\/\/pferdekultur.at\/wp-content\/uploads\/2021\/07\/P1690653-1536x1152.jpg 1536w, http:\/\/pferdekultur.at\/wp-content\/uploads\/2021\/07\/P1690653-2048x1536.jpg 2048w\" sizes=\"(max-width: 1024px) 100vw, 1024px\" \/><\/figure><\/li><li class=\"blocks-gallery-item\"><figure><img decoding=\"async\" loading=\"lazy\" width=\"1024\" height=\"768\" src=\"http:\/\/pferdekultur.at\/wp-content\/uploads\/2021\/07\/P1690534-1024x768.jpg\" alt=\"\" data-id=\"256\" data-link=\"http:\/\/pferdekultur.at\/?attachment_id=256\" class=\"wp-image-256\" srcset=\"http:\/\/pferdekultur.at\/wp-content\/uploads\/2021\/07\/P1690534-1024x768.jpg 1024w, http:\/\/pferdekultur.at\/wp-content\/uploads\/2021\/07\/P1690534-300x225.jpg 300w, http:\/\/pferdekultur.at\/wp-content\/uploads\/2021\/07\/P1690534-768x576.jpg 768w, http:\/\/pferdekultur.at\/wp-content\/uploads\/2021\/07\/P1690534-1536x1152.jpg 1536w, http:\/\/pferdekultur.at\/wp-content\/uploads\/2021\/07\/P1690534-2048x1536.jpg 2048w\" sizes=\"(max-width: 1024px) 100vw, 1024px\" \/><\/figure><\/li><li class=\"blocks-gallery-item\"><figure><img decoding=\"async\" loading=\"lazy\" width=\"1024\" height=\"768\" src=\"http:\/\/pferdekultur.at\/wp-content\/uploads\/2021\/07\/P1690691-1-1024x768.jpg\" alt=\"\" data-id=\"258\" data-full-url=\"http:\/\/pferdekultur.at\/wp-content\/uploads\/2021\/07\/P1690691-1-scaled.jpg\" data-link=\"http:\/\/pferdekultur.at\/?attachment_id=258\" class=\"wp-image-258\" srcset=\"http:\/\/pferdekultur.at\/wp-content\/uploads\/2021\/07\/P1690691-1-1024x768.jpg 1024w, http:\/\/pferdekultur.at\/wp-content\/uploads\/2021\/07\/P1690691-1-300x225.jpg 300w, http:\/\/pferdekultur.at\/wp-content\/uploads\/2021\/07\/P1690691-1-768x576.jpg 768w, http:\/\/pferdekultur.at\/wp-content\/uploads\/2021\/07\/P1690691-1-1536x1152.jpg 1536w, http:\/\/pferdekultur.at\/wp-content\/uploads\/2021\/07\/P1690691-1-2048x1536.jpg 2048w\" sizes=\"(max-width: 1024px) 100vw, 1024px\" \/><\/figure><\/li><\/ul><\/figure>\n<\/div>\n<\/div>\n\n\n\n<p><\/p>\n","protected":false},"excerpt":{"rendered":"<p>Wir durften heuer gemeinsam mit Karin Kosak, Ute Berger und Corinna Gebhard die Steiermark bei der BLMM in Stadl Paura vertreten. Das Starterfeld war sehr stark besetzt und unsere Mannschaft ist leider etwas hinter unseren M\u00f6glichkeiten zur\u00fcck geblieben. Schlu\u00dfendlich hat es f\u00fcr den 5. Gesamtrang von 10 Mannschaften gereicht. Es war trotzdem ein sehr sch\u00f6nes [&hellip;]<\/p>\n","protected":false},"author":2,"featured_media":254,"comment_status":"closed","ping_status":"closed","sticky":false,"template":"","format":"standard","meta":[],"categories":[1],"tags":[],"_links":{"self":[{"href":"http:\/\/pferdekultur.at\/index.php?rest_route=\/wp\/v2\/posts\/253"}],"collection":[{"href":"http:\/\/pferdekultur.at\/index.php?rest_route=\/wp\/v2\/posts"}],"about":[{"href":"http:\/\/pferdekultur.at\/index.php?rest_route=\/wp\/v2\/types\/post"}],"author":[{"embeddable":true,"href":"http:\/\/pferdekultur.at\/index.php?rest_route=\/wp\/v2\/users\/2"}],"replies":[{"embeddable":true,"href":"http:\/\/pferdekultur.at\/index.php?rest_route=%2Fwp%2Fv2%2Fcomments&post=253"}],"version-history":[{"count":2,"href":"http:\/\/pferdekultur.at\/index.php?rest_route=\/wp\/v2\/posts\/253\/revisions"}],"predecessor-version":[{"id":260,"href":"http:\/\/pferdekultur.at\/index.php?rest_route=\/wp\/v2\/posts\/253\/revisions\/260"}],"wp:featuredmedia":[{"embeddable":true,"href":"http:\/\/pferdekultur.at\/index.php?rest_route=\/wp\/v2\/media\/254"}],"wp:attachment":[{"href":"http:\/\/pferdekultur.at\/index.php?rest_route=%2Fwp%2Fv2%2Fmedia&parent=253"}],"wp:term":[{"taxonomy":"category","embeddable":true,"href":"http:\/\/pferdekultur.at\/index.php?rest_route=%2Fwp%2Fv2%2Fcategories&post=253"},{"taxonomy":"post_tag","embeddable":true,"href":"http:\/\/pferdekultur.at\/index.php?rest_route=%2Fwp%2Fv2%2Ftags&post=253"}],"curies":[{"name":"wp","href":"https:\/\/api.w.org\/{rel}","templated":true}]}}