{"id":261,"date":"2021-08-26T11:51:09","date_gmt":"2021-08-26T11:51:09","guid":{"rendered":"http:\/\/pferdekultur.at\/?p=261"},"modified":"2021-08-26T11:51:11","modified_gmt":"2021-08-26T11:51:11","slug":"cdn-a-grosslobming-20-22-08-2021","status":"publish","type":"post","link":"http:\/\/pferdekultur.at\/?p=261","title":{"rendered":"CDN-A* Gro\u00dflobming, 20. &#8211; 22.08.2021"},"content":{"rendered":"\n<p>Unsere junge Dame hatte ihren ersten \u00f6ffentlichen Auftritt und hat diesen gleich mit Bravour gemeistert. In der Materialpr\u00fcfung konnten wir den 2. Platz belegen. Auch w\u00e4hrend des gesamten Turniers hat sie sich von ihrer besten Seite gezeigt und trotz der vielen neuen Eindr\u00fccke nicht die Nerven verloren. Wir sind sehr stolz und freuen uns auf die weitere Entwicklung.<\/p>\n","protected":false},"excerpt":{"rendered":"<p>Unsere junge Dame hatte ihren ersten \u00f6ffentlichen Auftritt und hat diesen gleich mit Bravour gemeistert. In der Materialpr\u00fcfung konnten wir den 2. Platz belegen. Auch w\u00e4hrend des gesamten Turniers hat sie sich von ihrer besten Seite gezeigt und trotz der vielen neuen Eindr\u00fccke nicht die Nerven verloren. Wir sind sehr stolz und freuen uns auf [&hellip;]<\/p>\n","protected":false},"author":2,"featured_media":263,"comment_status":"closed","ping_status":"closed","sticky":false,"template":"","format":"standard","meta":[],"categories":[1],"tags":[],"_links":{"self":[{"href":"http:\/\/pferdekultur.at\/index.php?rest_route=\/wp\/v2\/posts\/261"}],"collection":[{"href":"http:\/\/pferdekultur.at\/index.php?rest_route=\/wp\/v2\/posts"}],"about":[{"href":"http:\/\/pferdekultur.at\/index.php?rest_route=\/wp\/v2\/types\/post"}],"author":[{"embeddable":true,"href":"http:\/\/pferdekultur.at\/index.php?rest_route=\/wp\/v2\/users\/2"}],"replies":[{"embeddable":true,"href":"http:\/\/pferdekultur.at\/index.php?rest_route=%2Fwp%2Fv2%2Fcomments&post=261"}],"version-history":[{"count":2,"href":"http:\/\/pferdekultur.at\/index.php?rest_route=\/wp\/v2\/posts\/261\/revisions"}],"predecessor-version":[{"id":264,"href":"http:\/\/pferdekultur.at\/index.php?rest_route=\/wp\/v2\/posts\/261\/revisions\/264"}],"wp:featuredmedia":[{"embeddable":true,"href":"http:\/\/pferdekultur.at\/index.php?rest_route=\/wp\/v2\/media\/263"}],"wp:attachment":[{"href":"http:\/\/pferdekultur.at\/index.php?rest_route=%2Fwp%2Fv2%2Fmedia&parent=261"}],"wp:term":[{"taxonomy":"category","embeddable":true,"href":"http:\/\/pferdekultur.at\/index.php?rest_route=%2Fwp%2Fv2%2Fcategories&post=261"},{"taxonomy":"post_tag","embeddable":true,"href":"http:\/\/pferdekultur.at\/index.php?rest_route=%2Fwp%2Fv2%2Ftags&post=261"}],"curies":[{"name":"wp","href":"https:\/\/api.w.org\/{rel}","templated":true}]}}