{"id":323,"date":"2022-08-08T10:57:00","date_gmt":"2022-08-08T10:57:00","guid":{"rendered":"http:\/\/pferdekultur.at\/?p=323"},"modified":"2022-09-28T11:08:26","modified_gmt":"2022-09-28T11:08:26","slug":"cdn-a-cdn-b-cdnh-b-goessendorf-muehleck-06-07-08-2022","status":"publish","type":"post","link":"http:\/\/pferdekultur.at\/?p=323","title":{"rendered":"CDN-A* CDN-B CDNH-B G\u00f6ssendorf-M\u00fchleck, 06.-07.08.2022"},"content":{"rendered":"\n<p>Der Besuch auf der wundersch\u00f6nen Reitanlage der Reitsportakademie G\u00f6ssendorf-M\u00fchleck hat sich f\u00fcr &#8220;Nora&#8221; und mich sehr gelohnt.<\/p>\n\n\n\n<p>2 Starts in der Klasse A &#8211; 2 Siege!<\/p>\n\n\n\n<p>Ein gelungener Abschluss dieser Saison, denn jetzt hat mein M\u00e4dl erst mal Pause. <\/p>\n","protected":false},"excerpt":{"rendered":"<p>Der Besuch auf der wundersch\u00f6nen Reitanlage der Reitsportakademie G\u00f6ssendorf-M\u00fchleck hat sich f\u00fcr &#8220;Nora&#8221; und mich sehr gelohnt. 2 Starts in der Klasse A &#8211; 2 Siege! Ein gelungener Abschluss dieser Saison, denn jetzt hat mein M\u00e4dl erst mal Pause.<\/p>\n","protected":false},"author":2,"featured_media":324,"comment_status":"closed","ping_status":"closed","sticky":false,"template":"","format":"standard","meta":[],"categories":[1],"tags":[],"_links":{"self":[{"href":"http:\/\/pferdekultur.at\/index.php?rest_route=\/wp\/v2\/posts\/323"}],"collection":[{"href":"http:\/\/pferdekultur.at\/index.php?rest_route=\/wp\/v2\/posts"}],"about":[{"href":"http:\/\/pferdekultur.at\/index.php?rest_route=\/wp\/v2\/types\/post"}],"author":[{"embeddable":true,"href":"http:\/\/pferdekultur.at\/index.php?rest_route=\/wp\/v2\/users\/2"}],"replies":[{"embeddable":true,"href":"http:\/\/pferdekultur.at\/index.php?rest_route=%2Fwp%2Fv2%2Fcomments&post=323"}],"version-history":[{"count":1,"href":"http:\/\/pferdekultur.at\/index.php?rest_route=\/wp\/v2\/posts\/323\/revisions"}],"predecessor-version":[{"id":325,"href":"http:\/\/pferdekultur.at\/index.php?rest_route=\/wp\/v2\/posts\/323\/revisions\/325"}],"wp:featuredmedia":[{"embeddable":true,"href":"http:\/\/pferdekultur.at\/index.php?rest_route=\/wp\/v2\/media\/324"}],"wp:attachment":[{"href":"http:\/\/pferdekultur.at\/index.php?rest_route=%2Fwp%2Fv2%2Fmedia&parent=323"}],"wp:term":[{"taxonomy":"category","embeddable":true,"href":"http:\/\/pferdekultur.at\/index.php?rest_route=%2Fwp%2Fv2%2Fcategories&post=323"},{"taxonomy":"post_tag","embeddable":true,"href":"http:\/\/pferdekultur.at\/index.php?rest_route=%2Fwp%2Fv2%2Ftags&post=323"}],"curies":[{"name":"wp","href":"https:\/\/api.w.org\/{rel}","templated":true}]}}