{"id":345,"date":"2023-06-12T10:34:00","date_gmt":"2023-06-12T10:34:00","guid":{"rendered":"http:\/\/pferdekultur.at\/?p=345"},"modified":"2023-07-20T10:35:11","modified_gmt":"2023-07-20T10:35:11","slug":"cdn-a-grosslobming-09-11-06-2023","status":"publish","type":"post","link":"http:\/\/pferdekultur.at\/?p=345","title":{"rendered":"CDN-A* Gro\u00dflobming, 09. &#8211; 11.06.2023"},"content":{"rendered":"\n<p>Nachdem das Turnier in Ebreichsdorf im wahrsten Sinne des Wortes ins Wasser gefallen ist, haben wir in Gro\u00dflobming die Turniersaison er\u00f6ffnet.<\/p>\n\n\n\n<p>Erstmals sind wir in der Klasse Dressurpferdepr\u00fcfung L gestartet und das Ergebnis war erwartungsgem\u00e4\u00df noch nicht ganz optimal. Wir konnten zwar am ersten Tag die Pr\u00fcfung gewinnen, aber am zweiten Tag hat sich unsere &#8220;Nora&#8221; doch etwas vom Geschehen au\u00dferhalb des Reitplatzes ablenken lassen und einige Fehler eingebaut.<\/p>\n\n\n\n<p>Ich bin aber zuversichtlich, dass es beim n\u00e4chsten Mal besser klappen wird.<\/p>\n","protected":false},"excerpt":{"rendered":"<p>Nachdem das Turnier in Ebreichsdorf im wahrsten Sinne des Wortes ins Wasser gefallen ist, haben wir in Gro\u00dflobming die Turniersaison er\u00f6ffnet. Erstmals sind wir in der Klasse Dressurpferdepr\u00fcfung L gestartet und das Ergebnis war erwartungsgem\u00e4\u00df noch nicht ganz optimal. Wir konnten zwar am ersten Tag die Pr\u00fcfung gewinnen, aber am zweiten Tag hat sich unsere [&hellip;]<\/p>\n","protected":false},"author":2,"featured_media":343,"comment_status":"closed","ping_status":"closed","sticky":false,"template":"","format":"standard","meta":[],"categories":[1],"tags":[],"_links":{"self":[{"href":"http:\/\/pferdekultur.at\/index.php?rest_route=\/wp\/v2\/posts\/345"}],"collection":[{"href":"http:\/\/pferdekultur.at\/index.php?rest_route=\/wp\/v2\/posts"}],"about":[{"href":"http:\/\/pferdekultur.at\/index.php?rest_route=\/wp\/v2\/types\/post"}],"author":[{"embeddable":true,"href":"http:\/\/pferdekultur.at\/index.php?rest_route=\/wp\/v2\/users\/2"}],"replies":[{"embeddable":true,"href":"http:\/\/pferdekultur.at\/index.php?rest_route=%2Fwp%2Fv2%2Fcomments&post=345"}],"version-history":[{"count":2,"href":"http:\/\/pferdekultur.at\/index.php?rest_route=\/wp\/v2\/posts\/345\/revisions"}],"predecessor-version":[{"id":347,"href":"http:\/\/pferdekultur.at\/index.php?rest_route=\/wp\/v2\/posts\/345\/revisions\/347"}],"wp:featuredmedia":[{"embeddable":true,"href":"http:\/\/pferdekultur.at\/index.php?rest_route=\/wp\/v2\/media\/343"}],"wp:attachment":[{"href":"http:\/\/pferdekultur.at\/index.php?rest_route=%2Fwp%2Fv2%2Fmedia&parent=345"}],"wp:term":[{"taxonomy":"category","embeddable":true,"href":"http:\/\/pferdekultur.at\/index.php?rest_route=%2Fwp%2Fv2%2Fcategories&post=345"},{"taxonomy":"post_tag","embeddable":true,"href":"http:\/\/pferdekultur.at\/index.php?rest_route=%2Fwp%2Fv2%2Ftags&post=345"}],"curies":[{"name":"wp","href":"https:\/\/api.w.org\/{rel}","templated":true}]}}